{"id":5470,"date":"2026-08-26T09:14:39","date_gmt":"2026-08-26T06:14:39","guid":{"rendered":"https:\/\/timbeco.ee\/sv\/?p=5470"},"modified":"2026-06-26T09:57:01","modified_gmt":"2026-06-26T06:57:01","slug":"timbeco-expanderar-till-litauen-industriella-renoveringsprojekt","status":"publish","type":"post","link":"https:\/\/timbeco.ee\/sv\/timbeco-expanderar-till-litauen-industriella-renoveringsprojekt\/","title":{"rendered":"Timbeco expanderar till Litauen med sina f\u00f6rsta industriella renoveringsprojekt"},"content":{"rendered":"<p class=\"isSelectedEnd\">Strax f\u00f6re midsommar n\u00e5dde Timbeco en viktig milstolpe genom att teckna tre leveransavtal f\u00f6r industriellt tillverkade renoveringspaneler samt ett installationsavtal i Litauen. Avtalen markerar v\u00e5rt officiella intr\u00e4de p\u00e5 den litauiska marknaden och bidrar till de f\u00f6rsta flerbostadshusen i landet som renoveras med industriellt tillverkade fasadelement.<\/p>\n<p class=\"isSelectedEnd\">Precis som i Estland st\u00f6ds energieffektiv renovering av flerbostadshus av den litauiska staten. Detta skapar goda f\u00f6ruts\u00e4ttningar f\u00f6r industriella renoveringsl\u00f6sningar, och vi ser en stor tillv\u00e4xtpotential f\u00f6r prefabricerade renoveringspaneler p\u00e5 den litauiska marknaden under de kommande \u00e5ren.<\/p>\n<h2>De f\u00f6rsta projekten i Litauen<\/h2>\n<p class=\"isSelectedEnd\">Inom ramen f\u00f6r de tecknade avtalen kommer Timbeco att tillverka renoveringspaneler f\u00f6r tre flerbostadshus i Vilnius och Kretinga.<\/p>\n<p class=\"isSelectedEnd\">Produktionen \u00e4r planerad till fj\u00e4rde kvartalet 2026 och f\u00f6rsta kvartalet 2027. Installationsarbetet p\u00e5b\u00f6rjas under f\u00f6rsta kvartalet 2027.<\/p>\n<h2>Starka lokala partnerskap<\/h2>\n<p class=\"isSelectedEnd\">V\u00e5r lokala partner, <strong>Skydo renovacija, UAB<\/strong>, blir officiell distribut\u00f6r av Timbecos renoveringsl\u00f6sningar i Litauen. F\u00f6retaget fungerar som en l\u00e4nk mellan lokala best\u00e4llare, huvudentrepren\u00f6rer och Timbeco samt bidrar till att identifiera nya projekt och aff\u00e4rsm\u00f6jligheter.<\/p>\n<p class=\"isSelectedEnd\">V\u00e5r f\u00f6rsta installationspartner \u00e4r <strong>In\u017einerijos servisas, UAB<\/strong>, med vilken vi har tecknat installationsavtalet.<\/p>\n<h2>En viktig milstolpe<\/h2>\n<p class=\"isSelectedEnd\">Samarbetet med v\u00e5ra litauiska partners inleddes redan i september 2025. Efter flera m\u00e5naders dialog, noggranna f\u00f6rberedelser och ett n\u00e4ra samarbete kunde vi denna sommar teckna v\u00e5ra f\u00f6rsta avtal.<\/p>\n<p class=\"isSelectedEnd\">Detta \u00e4r ett viktigt steg b\u00e5de f\u00f6r Timbeco och f\u00f6r den fortsatta utvecklingen av industriell renovering i Baltikum.<\/p>\n<p>Vi vill rikta ett varmt tack till v\u00e5ra litauiska partners f\u00f6r deras f\u00f6rtroende. Vi ser fram emot att genomf\u00f6ra de f\u00f6rsta projekten tillsammans och skapa nya m\u00f6jligheter p\u00e5 den litauiska marknaden.<\/p>\n","protected":false},"excerpt":{"rendered":"<p>Strax f\u00f6re midsommar n\u00e5dde Timbeco en viktig milstolpe genom att teckna tre leveransavtal f\u00f6r industriellt tillverkade renoveringspaneler samt ett installationsavtal i Litauen. Avtalen markerar v\u00e5rt officiella intr\u00e4de p\u00e5 den litauiska marknaden och bidrar till de f\u00f6rsta flerbostadshusen i landet som renoveras med industriellt tillverkade fasadelement. Precis som i Estland st\u00f6ds energieffektiv renovering av flerbostadshus av &hellip; <a href=\"https:\/\/timbeco.ee\/sv\/timbeco-expanderar-till-litauen-industriella-renoveringsprojekt\/\">Continued<\/a><\/p>\n","protected":false},"author":2,"featured_media":5471,"comment_status":"closed","ping_status":"closed","sticky":false,"template":"","format":"standard","meta":{"_acf_changed":false,"_monsterinsights_skip_tracking":false,"_monsterinsights_sitenote_active":false,"_monsterinsights_sitenote_note":"","_monsterinsights_sitenote_category":0,"footnotes":""},"categories":[1],"tags":[],"class_list":["post-5470","post","type-post","status-publish","format-standard","has-post-thumbnail","hentry","category-uncategorized"],"acf":[],"yoast_head":"<!-- This site is optimized with the Yoast SEO Premium plugin v27.6 (Yoast SEO v27.6) - https:\/\/yoast.com\/product\/yoast-seo-premium-wordpress\/ -->\n<title>Timbeco expanderar till Litauen med industriella renoveringsprojekt<\/title>\n<meta name=\"description\" content=\"Timbeco etablerar sig p\u00e5 den litauiska marknaden med sina f\u00f6rsta industriella renoveringsprojekt och levererar prefabricerade fasadpaneler\" \/>\n<meta name=\"robots\" content=\"index, follow, max-snippet:-1, max-image-preview:large, max-video-preview:-1\" \/>\n<link rel=\"canonical\" href=\"https:\/\/timbeco.ee\/sv\/timbeco-expanderar-till-litauen-industriella-renoveringsprojekt\/\" \/>\n<meta property=\"og:locale\" content=\"sv_SE\" \/>\n<meta property=\"og:type\" content=\"article\" \/>\n<meta property=\"og:title\" content=\"Timbeco expanderar till Litauen med sina f\u00f6rsta industriella renoveringsprojekt\" \/>\n<meta property=\"og:description\" content=\"Strax f\u00f6re midsommar n\u00e5dde Timbeco en viktig milstolpe genom att teckna tre leveransavtal f\u00f6r industriellt tillverkade renoveringspaneler samt ett\" \/>\n<meta property=\"og:url\" content=\"https:\/\/timbeco.ee\/sv\/timbeco-expanderar-till-litauen-industriella-renoveringsprojekt\/\" \/>\n<meta property=\"og:site_name\" content=\"Timbeco Sweden\" \/>\n<meta property=\"article:published_time\" content=\"2026-08-26T06:14:39+00:00\" \/>\n<meta property=\"og:image\" content=\"https:\/\/timbeco.ee\/sv\/wp-content\/uploads\/sites\/6\/2026\/06\/Leedu-tehaseline-rekonstrueerimine.jpg\" \/>\n\t<meta property=\"og:image:width\" content=\"1920\" \/>\n\t<meta property=\"og:image:height\" content=\"1081\" \/>\n\t<meta property=\"og:image:type\" content=\"image\/jpeg\" \/>\n<meta name=\"author\" content=\"erki\" \/>\n<meta name=\"twitter:card\" content=\"summary_large_image\" \/>\n<meta name=\"twitter:label1\" content=\"Skriven av\" \/>\n\t<meta name=\"twitter:data1\" content=\"erki\" \/>\n\t<meta name=\"twitter:label2\" content=\"Ber\u00e4knad l\u00e4stid\" \/>\n\t<meta name=\"twitter:data2\" content=\"2 minuter\" \/>\n<script type=\"application\/ld+json\" class=\"yoast-schema-graph\">{\"@context\":\"https:\\\/\\\/schema.org\",\"@graph\":[{\"@type\":\"Article\",\"@id\":\"https:\\\/\\\/timbeco.ee\\\/sv\\\/timbeco-expanderar-till-litauen-industriella-renoveringsprojekt\\\/#article\",\"isPartOf\":{\"@id\":\"https:\\\/\\\/timbeco.ee\\\/sv\\\/timbeco-expanderar-till-litauen-industriella-renoveringsprojekt\\\/\"},\"author\":{\"name\":\"erki\",\"@id\":\"https:\\\/\\\/timbeco.ee\\\/sv\\\/#\\\/schema\\\/person\\\/9cb7bb1121cf60c104d5ce746521384d\"},\"headline\":\"Timbeco expanderar till Litauen med sina f\u00f6rsta industriella renoveringsprojekt\",\"datePublished\":\"2026-08-26T06:14:39+00:00\",\"mainEntityOfPage\":{\"@id\":\"https:\\\/\\\/timbeco.ee\\\/sv\\\/timbeco-expanderar-till-litauen-industriella-renoveringsprojekt\\\/\"},\"wordCount\":306,\"publisher\":{\"@id\":\"https:\\\/\\\/timbeco.ee\\\/sv\\\/#organization\"},\"image\":{\"@id\":\"https:\\\/\\\/timbeco.ee\\\/sv\\\/timbeco-expanderar-till-litauen-industriella-renoveringsprojekt\\\/#primaryimage\"},\"thumbnailUrl\":\"https:\\\/\\\/timbeco.ee\\\/sv\\\/wp-content\\\/uploads\\\/sites\\\/6\\\/2026\\\/06\\\/Leedu-tehaseline-rekonstrueerimine.jpg\",\"articleSection\":[\"Uncategorized\"],\"inLanguage\":\"sv-SE\"},{\"@type\":\"WebPage\",\"@id\":\"https:\\\/\\\/timbeco.ee\\\/sv\\\/timbeco-expanderar-till-litauen-industriella-renoveringsprojekt\\\/\",\"url\":\"https:\\\/\\\/timbeco.ee\\\/sv\\\/timbeco-expanderar-till-litauen-industriella-renoveringsprojekt\\\/\",\"name\":\"Timbeco expanderar till Litauen med industriella renoveringsprojekt\",\"isPartOf\":{\"@id\":\"https:\\\/\\\/timbeco.ee\\\/sv\\\/#website\"},\"primaryImageOfPage\":{\"@id\":\"https:\\\/\\\/timbeco.ee\\\/sv\\\/timbeco-expanderar-till-litauen-industriella-renoveringsprojekt\\\/#primaryimage\"},\"image\":{\"@id\":\"https:\\\/\\\/timbeco.ee\\\/sv\\\/timbeco-expanderar-till-litauen-industriella-renoveringsprojekt\\\/#primaryimage\"},\"thumbnailUrl\":\"https:\\\/\\\/timbeco.ee\\\/sv\\\/wp-content\\\/uploads\\\/sites\\\/6\\\/2026\\\/06\\\/Leedu-tehaseline-rekonstrueerimine.jpg\",\"datePublished\":\"2026-08-26T06:14:39+00:00\",\"description\":\"Timbeco etablerar sig p\u00e5 den litauiska marknaden med sina f\u00f6rsta industriella renoveringsprojekt och levererar prefabricerade fasadpaneler\",\"breadcrumb\":{\"@id\":\"https:\\\/\\\/timbeco.ee\\\/sv\\\/timbeco-expanderar-till-litauen-industriella-renoveringsprojekt\\\/#breadcrumb\"},\"inLanguage\":\"sv-SE\",\"potentialAction\":[{\"@type\":\"ReadAction\",\"target\":[\"https:\\\/\\\/timbeco.ee\\\/sv\\\/timbeco-expanderar-till-litauen-industriella-renoveringsprojekt\\\/\"]}]},{\"@type\":\"ImageObject\",\"inLanguage\":\"sv-SE\",\"@id\":\"https:\\\/\\\/timbeco.ee\\\/sv\\\/timbeco-expanderar-till-litauen-industriella-renoveringsprojekt\\\/#primaryimage\",\"url\":\"https:\\\/\\\/timbeco.ee\\\/sv\\\/wp-content\\\/uploads\\\/sites\\\/6\\\/2026\\\/06\\\/Leedu-tehaseline-rekonstrueerimine.jpg\",\"contentUrl\":\"https:\\\/\\\/timbeco.ee\\\/sv\\\/wp-content\\\/uploads\\\/sites\\\/6\\\/2026\\\/06\\\/Leedu-tehaseline-rekonstrueerimine.jpg\",\"width\":1920,\"height\":1081,\"caption\":\"Lithuania-renovation\"},{\"@type\":\"BreadcrumbList\",\"@id\":\"https:\\\/\\\/timbeco.ee\\\/sv\\\/timbeco-expanderar-till-litauen-industriella-renoveringsprojekt\\\/#breadcrumb\",\"itemListElement\":[{\"@type\":\"ListItem\",\"position\":1,\"name\":\"Avaleht\",\"item\":\"https:\\\/\\\/timbeco.ee\\\/sv\\\/\"},{\"@type\":\"ListItem\",\"position\":2,\"name\":\"Timbeco expanderar till Litauen med sina f\u00f6rsta industriella renoveringsprojekt\"}]},{\"@type\":\"WebSite\",\"@id\":\"https:\\\/\\\/timbeco.ee\\\/sv\\\/#website\",\"url\":\"https:\\\/\\\/timbeco.ee\\\/sv\\\/\",\"name\":\"Timbeco Sweden\",\"description\":\"BYGGELEMENTER, ELEMENT-BYGGNADER OCH MODULAR HUS\",\"publisher\":{\"@id\":\"https:\\\/\\\/timbeco.ee\\\/sv\\\/#organization\"},\"potentialAction\":[{\"@type\":\"SearchAction\",\"target\":{\"@type\":\"EntryPoint\",\"urlTemplate\":\"https:\\\/\\\/timbeco.ee\\\/sv\\\/?s={search_term_string}\"},\"query-input\":{\"@type\":\"PropertyValueSpecification\",\"valueRequired\":true,\"valueName\":\"search_term_string\"}}],\"inLanguage\":\"sv-SE\"},{\"@type\":\"Organization\",\"@id\":\"https:\\\/\\\/timbeco.ee\\\/sv\\\/#organization\",\"name\":\"Timbeco Woodhouse O\u00dc\",\"url\":\"https:\\\/\\\/timbeco.ee\\\/sv\\\/\",\"logo\":{\"@type\":\"ImageObject\",\"inLanguage\":\"sv-SE\",\"@id\":\"https:\\\/\\\/timbeco.ee\\\/sv\\\/#\\\/schema\\\/logo\\\/image\\\/\",\"url\":\"https:\\\/\\\/timbeco.ee\\\/sv\\\/wp-content\\\/uploads\\\/sites\\\/6\\\/2018\\\/03\\\/timbeco-logo.png\",\"contentUrl\":\"https:\\\/\\\/timbeco.ee\\\/sv\\\/wp-content\\\/uploads\\\/sites\\\/6\\\/2018\\\/03\\\/timbeco-logo.png\",\"width\":200,\"height\":41,\"caption\":\"Timbeco Woodhouse O\u00dc\"},\"image\":{\"@id\":\"https:\\\/\\\/timbeco.ee\\\/sv\\\/#\\\/schema\\\/logo\\\/image\\\/\"}},{\"@type\":\"Person\",\"@id\":\"https:\\\/\\\/timbeco.ee\\\/sv\\\/#\\\/schema\\\/person\\\/9cb7bb1121cf60c104d5ce746521384d\",\"name\":\"erki\",\"image\":{\"@type\":\"ImageObject\",\"inLanguage\":\"sv-SE\",\"@id\":\"https:\\\/\\\/secure.gravatar.com\\\/avatar\\\/621410a086a29a56870f24a2bc9e66f5e0d5719c762b7c15fa373c5411c21e2f?s=96&d=mm&r=g\",\"url\":\"https:\\\/\\\/secure.gravatar.com\\\/avatar\\\/621410a086a29a56870f24a2bc9e66f5e0d5719c762b7c15fa373c5411c21e2f?s=96&d=mm&r=g\",\"contentUrl\":\"https:\\\/\\\/secure.gravatar.com\\\/avatar\\\/621410a086a29a56870f24a2bc9e66f5e0d5719c762b7c15fa373c5411c21e2f?s=96&d=mm&r=g\",\"caption\":\"erki\"}}]}<\/script>\n<!-- \/ Yoast SEO Premium plugin. -->","yoast_head_json":{"title":"Timbeco expanderar till Litauen med industriella renoveringsprojekt","description":"Timbeco etablerar sig p\u00e5 den litauiska marknaden med sina f\u00f6rsta industriella renoveringsprojekt och levererar prefabricerade fasadpaneler","robots":{"index":"index","follow":"follow","max-snippet":"max-snippet:-1","max-image-preview":"max-image-preview:large","max-video-preview":"max-video-preview:-1"},"canonical":"https:\/\/timbeco.ee\/sv\/timbeco-expanderar-till-litauen-industriella-renoveringsprojekt\/","og_locale":"sv_SE","og_type":"article","og_title":"Timbeco expanderar till Litauen med sina f\u00f6rsta industriella renoveringsprojekt","og_description":"Strax f\u00f6re midsommar n\u00e5dde Timbeco en viktig milstolpe genom att teckna tre leveransavtal f\u00f6r industriellt tillverkade renoveringspaneler samt ett","og_url":"https:\/\/timbeco.ee\/sv\/timbeco-expanderar-till-litauen-industriella-renoveringsprojekt\/","og_site_name":"Timbeco Sweden","article_published_time":"2026-08-26T06:14:39+00:00","og_image":[{"width":1920,"height":1081,"url":"https:\/\/timbeco.ee\/sv\/wp-content\/uploads\/sites\/6\/2026\/06\/Leedu-tehaseline-rekonstrueerimine.jpg","type":"image\/jpeg"}],"author":"erki","twitter_card":"summary_large_image","twitter_misc":{"Skriven av":"erki","Ber\u00e4knad l\u00e4stid":"2 minuter"},"schema":{"@context":"https:\/\/schema.org","@graph":[{"@type":"Article","@id":"https:\/\/timbeco.ee\/sv\/timbeco-expanderar-till-litauen-industriella-renoveringsprojekt\/#article","isPartOf":{"@id":"https:\/\/timbeco.ee\/sv\/timbeco-expanderar-till-litauen-industriella-renoveringsprojekt\/"},"author":{"name":"erki","@id":"https:\/\/timbeco.ee\/sv\/#\/schema\/person\/9cb7bb1121cf60c104d5ce746521384d"},"headline":"Timbeco expanderar till Litauen med sina f\u00f6rsta industriella renoveringsprojekt","datePublished":"2026-08-26T06:14:39+00:00","mainEntityOfPage":{"@id":"https:\/\/timbeco.ee\/sv\/timbeco-expanderar-till-litauen-industriella-renoveringsprojekt\/"},"wordCount":306,"publisher":{"@id":"https:\/\/timbeco.ee\/sv\/#organization"},"image":{"@id":"https:\/\/timbeco.ee\/sv\/timbeco-expanderar-till-litauen-industriella-renoveringsprojekt\/#primaryimage"},"thumbnailUrl":"https:\/\/timbeco.ee\/sv\/wp-content\/uploads\/sites\/6\/2026\/06\/Leedu-tehaseline-rekonstrueerimine.jpg","articleSection":["Uncategorized"],"inLanguage":"sv-SE"},{"@type":"WebPage","@id":"https:\/\/timbeco.ee\/sv\/timbeco-expanderar-till-litauen-industriella-renoveringsprojekt\/","url":"https:\/\/timbeco.ee\/sv\/timbeco-expanderar-till-litauen-industriella-renoveringsprojekt\/","name":"Timbeco expanderar till Litauen med industriella renoveringsprojekt","isPartOf":{"@id":"https:\/\/timbeco.ee\/sv\/#website"},"primaryImageOfPage":{"@id":"https:\/\/timbeco.ee\/sv\/timbeco-expanderar-till-litauen-industriella-renoveringsprojekt\/#primaryimage"},"image":{"@id":"https:\/\/timbeco.ee\/sv\/timbeco-expanderar-till-litauen-industriella-renoveringsprojekt\/#primaryimage"},"thumbnailUrl":"https:\/\/timbeco.ee\/sv\/wp-content\/uploads\/sites\/6\/2026\/06\/Leedu-tehaseline-rekonstrueerimine.jpg","datePublished":"2026-08-26T06:14:39+00:00","description":"Timbeco etablerar sig p\u00e5 den litauiska marknaden med sina f\u00f6rsta industriella renoveringsprojekt och levererar prefabricerade fasadpaneler","breadcrumb":{"@id":"https:\/\/timbeco.ee\/sv\/timbeco-expanderar-till-litauen-industriella-renoveringsprojekt\/#breadcrumb"},"inLanguage":"sv-SE","potentialAction":[{"@type":"ReadAction","target":["https:\/\/timbeco.ee\/sv\/timbeco-expanderar-till-litauen-industriella-renoveringsprojekt\/"]}]},{"@type":"ImageObject","inLanguage":"sv-SE","@id":"https:\/\/timbeco.ee\/sv\/timbeco-expanderar-till-litauen-industriella-renoveringsprojekt\/#primaryimage","url":"https:\/\/timbeco.ee\/sv\/wp-content\/uploads\/sites\/6\/2026\/06\/Leedu-tehaseline-rekonstrueerimine.jpg","contentUrl":"https:\/\/timbeco.ee\/sv\/wp-content\/uploads\/sites\/6\/2026\/06\/Leedu-tehaseline-rekonstrueerimine.jpg","width":1920,"height":1081,"caption":"Lithuania-renovation"},{"@type":"BreadcrumbList","@id":"https:\/\/timbeco.ee\/sv\/timbeco-expanderar-till-litauen-industriella-renoveringsprojekt\/#breadcrumb","itemListElement":[{"@type":"ListItem","position":1,"name":"Avaleht","item":"https:\/\/timbeco.ee\/sv\/"},{"@type":"ListItem","position":2,"name":"Timbeco expanderar till Litauen med sina f\u00f6rsta industriella renoveringsprojekt"}]},{"@type":"WebSite","@id":"https:\/\/timbeco.ee\/sv\/#website","url":"https:\/\/timbeco.ee\/sv\/","name":"Timbeco Sweden","description":"BYGGELEMENTER, ELEMENT-BYGGNADER OCH MODULAR HUS","publisher":{"@id":"https:\/\/timbeco.ee\/sv\/#organization"},"potentialAction":[{"@type":"SearchAction","target":{"@type":"EntryPoint","urlTemplate":"https:\/\/timbeco.ee\/sv\/?s={search_term_string}"},"query-input":{"@type":"PropertyValueSpecification","valueRequired":true,"valueName":"search_term_string"}}],"inLanguage":"sv-SE"},{"@type":"Organization","@id":"https:\/\/timbeco.ee\/sv\/#organization","name":"Timbeco Woodhouse O\u00dc","url":"https:\/\/timbeco.ee\/sv\/","logo":{"@type":"ImageObject","inLanguage":"sv-SE","@id":"https:\/\/timbeco.ee\/sv\/#\/schema\/logo\/image\/","url":"https:\/\/timbeco.ee\/sv\/wp-content\/uploads\/sites\/6\/2018\/03\/timbeco-logo.png","contentUrl":"https:\/\/timbeco.ee\/sv\/wp-content\/uploads\/sites\/6\/2018\/03\/timbeco-logo.png","width":200,"height":41,"caption":"Timbeco Woodhouse O\u00dc"},"image":{"@id":"https:\/\/timbeco.ee\/sv\/#\/schema\/logo\/image\/"}},{"@type":"Person","@id":"https:\/\/timbeco.ee\/sv\/#\/schema\/person\/9cb7bb1121cf60c104d5ce746521384d","name":"erki","image":{"@type":"ImageObject","inLanguage":"sv-SE","@id":"https:\/\/secure.gravatar.com\/avatar\/621410a086a29a56870f24a2bc9e66f5e0d5719c762b7c15fa373c5411c21e2f?s=96&d=mm&r=g","url":"https:\/\/secure.gravatar.com\/avatar\/621410a086a29a56870f24a2bc9e66f5e0d5719c762b7c15fa373c5411c21e2f?s=96&d=mm&r=g","contentUrl":"https:\/\/secure.gravatar.com\/avatar\/621410a086a29a56870f24a2bc9e66f5e0d5719c762b7c15fa373c5411c21e2f?s=96&d=mm&r=g","caption":"erki"}}]}},"_links":{"self":[{"href":"https:\/\/timbeco.ee\/sv\/wp-json\/wp\/v2\/posts\/5470","targetHints":{"allow":["GET"]}}],"collection":[{"href":"https:\/\/timbeco.ee\/sv\/wp-json\/wp\/v2\/posts"}],"about":[{"href":"https:\/\/timbeco.ee\/sv\/wp-json\/wp\/v2\/types\/post"}],"author":[{"embeddable":true,"href":"https:\/\/timbeco.ee\/sv\/wp-json\/wp\/v2\/users\/2"}],"replies":[{"embeddable":true,"href":"https:\/\/timbeco.ee\/sv\/wp-json\/wp\/v2\/comments?post=5470"}],"version-history":[{"count":1,"href":"https:\/\/timbeco.ee\/sv\/wp-json\/wp\/v2\/posts\/5470\/revisions"}],"predecessor-version":[{"id":5472,"href":"https:\/\/timbeco.ee\/sv\/wp-json\/wp\/v2\/posts\/5470\/revisions\/5472"}],"wp:featuredmedia":[{"embeddable":true,"href":"https:\/\/timbeco.ee\/sv\/wp-json\/wp\/v2\/media\/5471"}],"wp:attachment":[{"href":"https:\/\/timbeco.ee\/sv\/wp-json\/wp\/v2\/media?parent=5470"}],"wp:term":[{"taxonomy":"category","embeddable":true,"href":"https:\/\/timbeco.ee\/sv\/wp-json\/wp\/v2\/categories?post=5470"},{"taxonomy":"post_tag","embeddable":true,"href":"https:\/\/timbeco.ee\/sv\/wp-json\/wp\/v2\/tags?post=5470"}],"curies":[{"name":"wp","href":"https:\/\/api.w.org\/{rel}","templated":true}]}}