{"id":5543,"date":"2026-08-24T14:11:56","date_gmt":"2026-08-24T11:11:56","guid":{"rendered":"https:\/\/timbeco.ee\/no\/?p=5543"},"modified":"2026-08-24T14:11:22","modified_gmt":"2026-08-24T11:11:22","slug":"timbeco-vinner-to-priser-arets-prefabrikkerte-trehus-2026","status":"publish","type":"post","link":"https:\/\/timbeco.ee\/no\/timbeco-vinner-to-priser-arets-prefabrikkerte-trehus-2026\/","title":{"rendered":"Timbeco mottar to priser i konkurransen \u00c5rets prefabrikkerte trehus 2026"},"content":{"rendered":"<p class=\"isSelectedEnd\">Timbecos prosjekter mottok to viktige utmerkelser i \u00e5rets konkurranse for prefabrikkerte trehus. Barnehagen som ble levert til Island, ble k\u00e5ret til beste offentlige bygg i 2026, mens en enebolig i Anija kommune mottok AkzoNobels spesialpris for beste fargel\u00f8sning.<\/p>\n<p class=\"isSelectedEnd\">Prisene ble delt ut 14. august under den estiske trehusbransjens sommerkonferanse p\u00e5 J\u00e4rvselja jaktslott. Omgitt av J\u00e4rvseljas uber\u00f8rte natur samlet bedrifter, fagfolk og samarbeidspartnere fra hele bransjen seg for \u00e5 utveksle ideer, hente inspirasjon og hedre de mest fremragende prosjektene i Estlands trebyggsektor.<\/p>\n<h2>Barnehagen p\u00e5 Island k\u00e5ret til \u00e5rets beste offentlige bygg<\/h2>\n<p class=\"isSelectedEnd\">Prisen for beste offentlige bygg gikk til barnehagen p\u00e5 Island, produsert av Timbeco Woodhouse O\u00dc. Juryen fremhevet prosjektets gjennomtenkte og varierte arkitektur, som ivaretar b\u00e5de prinsippene for universell utforming og kravene til et moderne l\u00e6ringsmilj\u00f8.<\/p>\n<p class=\"isSelectedEnd\">Barnehagens pastellgr\u00f8nne eksteri\u00f8r, den gode forbindelsen mellom inne- og uteomr\u00e5dene og interi\u00f8ret i tre skaper et helhetlig og barnevennlig milj\u00f8. Prosjektet viser hvordan fabrikkproduserte trel\u00f8sninger kan kombinere h\u00f8y byggekvalitet, funksjonalitet og gjennomtenkt arkitektur \u2013 selv under krevende nordiske forhold.<\/p>\n<p class=\"isSelectedEnd\">Bygget ble tegnet av Marimo Architects, og Alar Oinus bidro til prosjektet som ingeni\u00f8r hos Timbeco.<\/p>\n<h2>Enebolig i Anija mottar prisen for beste fargel\u00f8sning<\/h2>\n<p class=\"isSelectedEnd\">En enebolig produsert av Timbeco i Anija kommune ble ogs\u00e5 hedret og mottok AkzoNobels spesialpris for beste fargel\u00f8sning.<\/p>\n<p class=\"isSelectedEnd\">Et n\u00f8ye gjennomtenkt fargevalg er en viktig del av trearkitekturen. Det bidrar til at bygget harmonerer med omgivelsene, understreker det arkitektoniske konseptet og gir boligen et s\u00e6rpreget og helhetlig uttrykk. Anerkjennelsen av huset i Anija viser hvordan teknisk utf\u00f8relse, materialvalg og estetiske detaljer sammen skaper et fremragende resultat.<\/p>\n<h2>En anerkjennelse av hele teamet<\/h2>\n<p class=\"isSelectedEnd\">Konkurransen \u00c5rets prefabrikkerte trehus ble arrangert for 16. gang i \u00e5r. Totalt deltok 24 prosjekter fra 14 estiske produsenter, med prosjekter fra Island til Portugal. Bidragene omfattet element- og modulbygg i tre, CLT-konstruksjoner, h\u00e5ndlaftede t\u00f8mmerhus og fabrikkproduserte fasadel\u00f8sninger.<\/p>\n<p class=\"isSelectedEnd\">For f\u00f8rste gang ble bidragene vurdert b\u00e5de av den estiske juryen og av et internasjonalt ekspertpanel med fagfolk fra Tyskland, Nederland og S\u00f8r-Korea. Prosjektenes mangfold og internasjonale rekkevidde gjenspeiler den \u00f8kende kompetansen i Estlands trebyggsektor og lokale bedrifters evne til \u00e5 levere komplekse tekniske l\u00f8sninger for forskjellige bygningstyper og markeder.<\/p>\n<p class=\"isSelectedEnd\">For Timbeco er begge prisene en betydelig anerkjennelse av teamets kompetanse, engasjement og m\u00e5lrettede arbeid. Vi \u00f8nsker \u00e5 takke v\u00e5re medarbeidere, kunder, arkitekter, ingeni\u00f8rer og samarbeidspartnere, som alle har bidratt til \u00e5 realisere disse prosjektene.<\/p>\n<p>Gratulerer til alle vinnerne og deltakerne i konkurransen \u00c5rets prefabrikkerte trehus 2026!<\/p>\n","protected":false},"excerpt":{"rendered":"<p>Timbecos prosjekter mottok to viktige utmerkelser i \u00e5rets konkurranse for prefabrikkerte trehus. Barnehagen som ble levert til Island, ble k\u00e5ret til beste offentlige bygg i 2026, mens en enebolig i Anija kommune mottok AkzoNobels spesialpris for beste fargel\u00f8sning. Prisene ble delt ut 14. august under den estiske trehusbransjens sommerkonferanse p\u00e5 J\u00e4rvselja jaktslott. Omgitt av J\u00e4rvseljas &hellip; <a href=\"https:\/\/timbeco.ee\/no\/timbeco-vinner-to-priser-arets-prefabrikkerte-trehus-2026\/\">Continued<\/a><\/p>\n","protected":false},"author":2,"featured_media":5544,"comment_status":"closed","ping_status":"closed","sticky":false,"template":"","format":"standard","meta":{"_acf_changed":false,"_monsterinsights_skip_tracking":false,"_monsterinsights_sitenote_active":false,"_monsterinsights_sitenote_note":"","_monsterinsights_sitenote_category":0,"footnotes":""},"categories":[1],"tags":[],"class_list":["post-5543","post","type-post","status-publish","format-standard","has-post-thumbnail","hentry","category-uncategorized"],"acf":[],"yoast_head":"<!-- This site is optimized with the Yoast SEO Premium plugin v27.6 (Yoast SEO v27.6) - https:\/\/yoast.com\/product\/yoast-seo-premium-wordpress\/ -->\n<title>Timbeco vinner to priser i \u00c5rets prefabrikkerte trehus 2026<\/title>\n<meta name=\"description\" content=\"Timbecos barnehage p\u00e5 Island ble k\u00e5ret til beste offentlige bygg, mens en enebolig i Anija fikk prisen for beste fargel\u00f8sning.\" \/>\n<meta name=\"robots\" content=\"index, follow, max-snippet:-1, max-image-preview:large, max-video-preview:-1\" \/>\n<link rel=\"canonical\" href=\"https:\/\/timbeco.ee\/no\/timbeco-vinner-to-priser-arets-prefabrikkerte-trehus-2026\/\" \/>\n<meta property=\"og:locale\" content=\"nb_NO\" \/>\n<meta property=\"og:type\" content=\"article\" \/>\n<meta property=\"og:title\" content=\"Timbeco mottar to priser i konkurransen \u00c5rets prefabrikkerte trehus 2026\" \/>\n<meta property=\"og:description\" content=\"Timbecos barnehage p\u00e5 Island ble k\u00e5ret til beste offentlige bygg, mens en enebolig i Anija fikk prisen for beste fargel\u00f8sning.\" \/>\n<meta property=\"og:url\" content=\"https:\/\/timbeco.ee\/no\/timbeco-vinner-to-priser-arets-prefabrikkerte-trehus-2026\/\" \/>\n<meta property=\"og:site_name\" content=\"Timbeco Norway\" \/>\n<meta property=\"article:published_time\" content=\"2026-08-24T11:11:56+00:00\" \/>\n<meta property=\"og:image\" content=\"https:\/\/timbeco.ee\/no\/wp-content\/uploads\/sites\/8\/2026\/08\/Aasta-tehasemaja-2026.jpg\" \/>\n\t<meta property=\"og:image:width\" content=\"1502\" \/>\n\t<meta property=\"og:image:height\" content=\"992\" \/>\n\t<meta property=\"og:image:type\" content=\"image\/jpeg\" \/>\n<meta name=\"author\" content=\"erki\" \/>\n<meta name=\"twitter:card\" content=\"summary_large_image\" \/>\n<meta name=\"twitter:label1\" content=\"Skrevet av\" \/>\n\t<meta name=\"twitter:data1\" content=\"erki\" \/>\n\t<meta name=\"twitter:label2\" content=\"Ansl. lesetid\" \/>\n\t<meta name=\"twitter:data2\" content=\"3 minutter\" \/>\n<script type=\"application\/ld+json\" class=\"yoast-schema-graph\">{\"@context\":\"https:\\\/\\\/schema.org\",\"@graph\":[{\"@type\":\"Article\",\"@id\":\"https:\\\/\\\/timbeco.ee\\\/no\\\/timbeco-vinner-to-priser-arets-prefabrikkerte-trehus-2026\\\/#article\",\"isPartOf\":{\"@id\":\"https:\\\/\\\/timbeco.ee\\\/no\\\/timbeco-vinner-to-priser-arets-prefabrikkerte-trehus-2026\\\/\"},\"author\":{\"name\":\"erki\",\"@id\":\"https:\\\/\\\/timbeco.ee\\\/no\\\/#\\\/schema\\\/person\\\/9cb7bb1121cf60c104d5ce746521384d\"},\"headline\":\"Timbeco mottar to priser i konkurransen \u00c5rets prefabrikkerte trehus 2026\",\"datePublished\":\"2026-08-24T11:11:56+00:00\",\"mainEntityOfPage\":{\"@id\":\"https:\\\/\\\/timbeco.ee\\\/no\\\/timbeco-vinner-to-priser-arets-prefabrikkerte-trehus-2026\\\/\"},\"wordCount\":422,\"publisher\":{\"@id\":\"https:\\\/\\\/timbeco.ee\\\/no\\\/#organization\"},\"image\":{\"@id\":\"https:\\\/\\\/timbeco.ee\\\/no\\\/timbeco-vinner-to-priser-arets-prefabrikkerte-trehus-2026\\\/#primaryimage\"},\"thumbnailUrl\":\"https:\\\/\\\/timbeco.ee\\\/no\\\/wp-content\\\/uploads\\\/sites\\\/8\\\/2026\\\/08\\\/Aasta-tehasemaja-2026.jpg\",\"articleSection\":[\"Uncategorized\"],\"inLanguage\":\"nb-NO\"},{\"@type\":\"WebPage\",\"@id\":\"https:\\\/\\\/timbeco.ee\\\/no\\\/timbeco-vinner-to-priser-arets-prefabrikkerte-trehus-2026\\\/\",\"url\":\"https:\\\/\\\/timbeco.ee\\\/no\\\/timbeco-vinner-to-priser-arets-prefabrikkerte-trehus-2026\\\/\",\"name\":\"Timbeco vinner to priser i \u00c5rets prefabrikkerte trehus 2026\",\"isPartOf\":{\"@id\":\"https:\\\/\\\/timbeco.ee\\\/no\\\/#website\"},\"primaryImageOfPage\":{\"@id\":\"https:\\\/\\\/timbeco.ee\\\/no\\\/timbeco-vinner-to-priser-arets-prefabrikkerte-trehus-2026\\\/#primaryimage\"},\"image\":{\"@id\":\"https:\\\/\\\/timbeco.ee\\\/no\\\/timbeco-vinner-to-priser-arets-prefabrikkerte-trehus-2026\\\/#primaryimage\"},\"thumbnailUrl\":\"https:\\\/\\\/timbeco.ee\\\/no\\\/wp-content\\\/uploads\\\/sites\\\/8\\\/2026\\\/08\\\/Aasta-tehasemaja-2026.jpg\",\"datePublished\":\"2026-08-24T11:11:56+00:00\",\"description\":\"Timbecos barnehage p\u00e5 Island ble k\u00e5ret til beste offentlige bygg, mens en enebolig i Anija fikk prisen for beste fargel\u00f8sning.\",\"breadcrumb\":{\"@id\":\"https:\\\/\\\/timbeco.ee\\\/no\\\/timbeco-vinner-to-priser-arets-prefabrikkerte-trehus-2026\\\/#breadcrumb\"},\"inLanguage\":\"nb-NO\",\"potentialAction\":[{\"@type\":\"ReadAction\",\"target\":[\"https:\\\/\\\/timbeco.ee\\\/no\\\/timbeco-vinner-to-priser-arets-prefabrikkerte-trehus-2026\\\/\"]}]},{\"@type\":\"ImageObject\",\"inLanguage\":\"nb-NO\",\"@id\":\"https:\\\/\\\/timbeco.ee\\\/no\\\/timbeco-vinner-to-priser-arets-prefabrikkerte-trehus-2026\\\/#primaryimage\",\"url\":\"https:\\\/\\\/timbeco.ee\\\/no\\\/wp-content\\\/uploads\\\/sites\\\/8\\\/2026\\\/08\\\/Aasta-tehasemaja-2026.jpg\",\"contentUrl\":\"https:\\\/\\\/timbeco.ee\\\/no\\\/wp-content\\\/uploads\\\/sites\\\/8\\\/2026\\\/08\\\/Aasta-tehasemaja-2026.jpg\",\"width\":1502,\"height\":992,\"caption\":\"timbeco-vinner-to-priser-arets-prefabrikkerte-trehus-2026\"},{\"@type\":\"BreadcrumbList\",\"@id\":\"https:\\\/\\\/timbeco.ee\\\/no\\\/timbeco-vinner-to-priser-arets-prefabrikkerte-trehus-2026\\\/#breadcrumb\",\"itemListElement\":[{\"@type\":\"ListItem\",\"position\":1,\"name\":\"Avaleht\",\"item\":\"https:\\\/\\\/timbeco.ee\\\/no\\\/\"},{\"@type\":\"ListItem\",\"position\":2,\"name\":\"Timbeco mottar to priser i konkurransen \u00c5rets prefabrikkerte trehus 2026\"}]},{\"@type\":\"WebSite\",\"@id\":\"https:\\\/\\\/timbeco.ee\\\/no\\\/#website\",\"url\":\"https:\\\/\\\/timbeco.ee\\\/no\\\/\",\"name\":\"Timbeco Norway\",\"description\":\"Energieffektive trehus fabrikk\",\"publisher\":{\"@id\":\"https:\\\/\\\/timbeco.ee\\\/no\\\/#organization\"},\"potentialAction\":[{\"@type\":\"SearchAction\",\"target\":{\"@type\":\"EntryPoint\",\"urlTemplate\":\"https:\\\/\\\/timbeco.ee\\\/no\\\/?s={search_term_string}\"},\"query-input\":{\"@type\":\"PropertyValueSpecification\",\"valueRequired\":true,\"valueName\":\"search_term_string\"}}],\"inLanguage\":\"nb-NO\"},{\"@type\":\"Organization\",\"@id\":\"https:\\\/\\\/timbeco.ee\\\/no\\\/#organization\",\"name\":\"Timbeco Woodhouse O\u00dc\",\"url\":\"https:\\\/\\\/timbeco.ee\\\/no\\\/\",\"logo\":{\"@type\":\"ImageObject\",\"inLanguage\":\"nb-NO\",\"@id\":\"https:\\\/\\\/timbeco.ee\\\/no\\\/#\\\/schema\\\/logo\\\/image\\\/\",\"url\":\"https:\\\/\\\/timbeco.ee\\\/no\\\/wp-content\\\/uploads\\\/sites\\\/8\\\/2018\\\/03\\\/timbeco-logo.png\",\"contentUrl\":\"https:\\\/\\\/timbeco.ee\\\/no\\\/wp-content\\\/uploads\\\/sites\\\/8\\\/2018\\\/03\\\/timbeco-logo.png\",\"width\":200,\"height\":41,\"caption\":\"Timbeco Woodhouse O\u00dc\"},\"image\":{\"@id\":\"https:\\\/\\\/timbeco.ee\\\/no\\\/#\\\/schema\\\/logo\\\/image\\\/\"}},{\"@type\":\"Person\",\"@id\":\"https:\\\/\\\/timbeco.ee\\\/no\\\/#\\\/schema\\\/person\\\/9cb7bb1121cf60c104d5ce746521384d\",\"name\":\"erki\",\"image\":{\"@type\":\"ImageObject\",\"inLanguage\":\"nb-NO\",\"@id\":\"https:\\\/\\\/secure.gravatar.com\\\/avatar\\\/621410a086a29a56870f24a2bc9e66f5e0d5719c762b7c15fa373c5411c21e2f?s=96&d=mm&r=g\",\"url\":\"https:\\\/\\\/secure.gravatar.com\\\/avatar\\\/621410a086a29a56870f24a2bc9e66f5e0d5719c762b7c15fa373c5411c21e2f?s=96&d=mm&r=g\",\"contentUrl\":\"https:\\\/\\\/secure.gravatar.com\\\/avatar\\\/621410a086a29a56870f24a2bc9e66f5e0d5719c762b7c15fa373c5411c21e2f?s=96&d=mm&r=g\",\"caption\":\"erki\"}}]}<\/script>\n<!-- \/ Yoast SEO Premium plugin. -->","yoast_head_json":{"title":"Timbeco vinner to priser i \u00c5rets prefabrikkerte trehus 2026","description":"Timbecos barnehage p\u00e5 Island ble k\u00e5ret til beste offentlige bygg, mens en enebolig i Anija fikk prisen for beste fargel\u00f8sning.","robots":{"index":"index","follow":"follow","max-snippet":"max-snippet:-1","max-image-preview":"max-image-preview:large","max-video-preview":"max-video-preview:-1"},"canonical":"https:\/\/timbeco.ee\/no\/timbeco-vinner-to-priser-arets-prefabrikkerte-trehus-2026\/","og_locale":"nb_NO","og_type":"article","og_title":"Timbeco mottar to priser i konkurransen \u00c5rets prefabrikkerte trehus 2026","og_description":"Timbecos barnehage p\u00e5 Island ble k\u00e5ret til beste offentlige bygg, mens en enebolig i Anija fikk prisen for beste fargel\u00f8sning.","og_url":"https:\/\/timbeco.ee\/no\/timbeco-vinner-to-priser-arets-prefabrikkerte-trehus-2026\/","og_site_name":"Timbeco Norway","article_published_time":"2026-08-24T11:11:56+00:00","og_image":[{"width":1502,"height":992,"url":"https:\/\/timbeco.ee\/no\/wp-content\/uploads\/sites\/8\/2026\/08\/Aasta-tehasemaja-2026.jpg","type":"image\/jpeg"}],"author":"erki","twitter_card":"summary_large_image","twitter_misc":{"Skrevet av":"erki","Ansl. lesetid":"3 minutter"},"schema":{"@context":"https:\/\/schema.org","@graph":[{"@type":"Article","@id":"https:\/\/timbeco.ee\/no\/timbeco-vinner-to-priser-arets-prefabrikkerte-trehus-2026\/#article","isPartOf":{"@id":"https:\/\/timbeco.ee\/no\/timbeco-vinner-to-priser-arets-prefabrikkerte-trehus-2026\/"},"author":{"name":"erki","@id":"https:\/\/timbeco.ee\/no\/#\/schema\/person\/9cb7bb1121cf60c104d5ce746521384d"},"headline":"Timbeco mottar to priser i konkurransen \u00c5rets prefabrikkerte trehus 2026","datePublished":"2026-08-24T11:11:56+00:00","mainEntityOfPage":{"@id":"https:\/\/timbeco.ee\/no\/timbeco-vinner-to-priser-arets-prefabrikkerte-trehus-2026\/"},"wordCount":422,"publisher":{"@id":"https:\/\/timbeco.ee\/no\/#organization"},"image":{"@id":"https:\/\/timbeco.ee\/no\/timbeco-vinner-to-priser-arets-prefabrikkerte-trehus-2026\/#primaryimage"},"thumbnailUrl":"https:\/\/timbeco.ee\/no\/wp-content\/uploads\/sites\/8\/2026\/08\/Aasta-tehasemaja-2026.jpg","articleSection":["Uncategorized"],"inLanguage":"nb-NO"},{"@type":"WebPage","@id":"https:\/\/timbeco.ee\/no\/timbeco-vinner-to-priser-arets-prefabrikkerte-trehus-2026\/","url":"https:\/\/timbeco.ee\/no\/timbeco-vinner-to-priser-arets-prefabrikkerte-trehus-2026\/","name":"Timbeco vinner to priser i \u00c5rets prefabrikkerte trehus 2026","isPartOf":{"@id":"https:\/\/timbeco.ee\/no\/#website"},"primaryImageOfPage":{"@id":"https:\/\/timbeco.ee\/no\/timbeco-vinner-to-priser-arets-prefabrikkerte-trehus-2026\/#primaryimage"},"image":{"@id":"https:\/\/timbeco.ee\/no\/timbeco-vinner-to-priser-arets-prefabrikkerte-trehus-2026\/#primaryimage"},"thumbnailUrl":"https:\/\/timbeco.ee\/no\/wp-content\/uploads\/sites\/8\/2026\/08\/Aasta-tehasemaja-2026.jpg","datePublished":"2026-08-24T11:11:56+00:00","description":"Timbecos barnehage p\u00e5 Island ble k\u00e5ret til beste offentlige bygg, mens en enebolig i Anija fikk prisen for beste fargel\u00f8sning.","breadcrumb":{"@id":"https:\/\/timbeco.ee\/no\/timbeco-vinner-to-priser-arets-prefabrikkerte-trehus-2026\/#breadcrumb"},"inLanguage":"nb-NO","potentialAction":[{"@type":"ReadAction","target":["https:\/\/timbeco.ee\/no\/timbeco-vinner-to-priser-arets-prefabrikkerte-trehus-2026\/"]}]},{"@type":"ImageObject","inLanguage":"nb-NO","@id":"https:\/\/timbeco.ee\/no\/timbeco-vinner-to-priser-arets-prefabrikkerte-trehus-2026\/#primaryimage","url":"https:\/\/timbeco.ee\/no\/wp-content\/uploads\/sites\/8\/2026\/08\/Aasta-tehasemaja-2026.jpg","contentUrl":"https:\/\/timbeco.ee\/no\/wp-content\/uploads\/sites\/8\/2026\/08\/Aasta-tehasemaja-2026.jpg","width":1502,"height":992,"caption":"timbeco-vinner-to-priser-arets-prefabrikkerte-trehus-2026"},{"@type":"BreadcrumbList","@id":"https:\/\/timbeco.ee\/no\/timbeco-vinner-to-priser-arets-prefabrikkerte-trehus-2026\/#breadcrumb","itemListElement":[{"@type":"ListItem","position":1,"name":"Avaleht","item":"https:\/\/timbeco.ee\/no\/"},{"@type":"ListItem","position":2,"name":"Timbeco mottar to priser i konkurransen \u00c5rets prefabrikkerte trehus 2026"}]},{"@type":"WebSite","@id":"https:\/\/timbeco.ee\/no\/#website","url":"https:\/\/timbeco.ee\/no\/","name":"Timbeco Norway","description":"Energieffektive trehus fabrikk","publisher":{"@id":"https:\/\/timbeco.ee\/no\/#organization"},"potentialAction":[{"@type":"SearchAction","target":{"@type":"EntryPoint","urlTemplate":"https:\/\/timbeco.ee\/no\/?s={search_term_string}"},"query-input":{"@type":"PropertyValueSpecification","valueRequired":true,"valueName":"search_term_string"}}],"inLanguage":"nb-NO"},{"@type":"Organization","@id":"https:\/\/timbeco.ee\/no\/#organization","name":"Timbeco Woodhouse O\u00dc","url":"https:\/\/timbeco.ee\/no\/","logo":{"@type":"ImageObject","inLanguage":"nb-NO","@id":"https:\/\/timbeco.ee\/no\/#\/schema\/logo\/image\/","url":"https:\/\/timbeco.ee\/no\/wp-content\/uploads\/sites\/8\/2018\/03\/timbeco-logo.png","contentUrl":"https:\/\/timbeco.ee\/no\/wp-content\/uploads\/sites\/8\/2018\/03\/timbeco-logo.png","width":200,"height":41,"caption":"Timbeco Woodhouse O\u00dc"},"image":{"@id":"https:\/\/timbeco.ee\/no\/#\/schema\/logo\/image\/"}},{"@type":"Person","@id":"https:\/\/timbeco.ee\/no\/#\/schema\/person\/9cb7bb1121cf60c104d5ce746521384d","name":"erki","image":{"@type":"ImageObject","inLanguage":"nb-NO","@id":"https:\/\/secure.gravatar.com\/avatar\/621410a086a29a56870f24a2bc9e66f5e0d5719c762b7c15fa373c5411c21e2f?s=96&d=mm&r=g","url":"https:\/\/secure.gravatar.com\/avatar\/621410a086a29a56870f24a2bc9e66f5e0d5719c762b7c15fa373c5411c21e2f?s=96&d=mm&r=g","contentUrl":"https:\/\/secure.gravatar.com\/avatar\/621410a086a29a56870f24a2bc9e66f5e0d5719c762b7c15fa373c5411c21e2f?s=96&d=mm&r=g","caption":"erki"}}]}},"_links":{"self":[{"href":"https:\/\/timbeco.ee\/no\/wp-json\/wp\/v2\/posts\/5543","targetHints":{"allow":["GET"]}}],"collection":[{"href":"https:\/\/timbeco.ee\/no\/wp-json\/wp\/v2\/posts"}],"about":[{"href":"https:\/\/timbeco.ee\/no\/wp-json\/wp\/v2\/types\/post"}],"author":[{"embeddable":true,"href":"https:\/\/timbeco.ee\/no\/wp-json\/wp\/v2\/users\/2"}],"replies":[{"embeddable":true,"href":"https:\/\/timbeco.ee\/no\/wp-json\/wp\/v2\/comments?post=5543"}],"version-history":[{"count":1,"href":"https:\/\/timbeco.ee\/no\/wp-json\/wp\/v2\/posts\/5543\/revisions"}],"predecessor-version":[{"id":5545,"href":"https:\/\/timbeco.ee\/no\/wp-json\/wp\/v2\/posts\/5543\/revisions\/5545"}],"wp:featuredmedia":[{"embeddable":true,"href":"https:\/\/timbeco.ee\/no\/wp-json\/wp\/v2\/media\/5544"}],"wp:attachment":[{"href":"https:\/\/timbeco.ee\/no\/wp-json\/wp\/v2\/media?parent=5543"}],"wp:term":[{"taxonomy":"category","embeddable":true,"href":"https:\/\/timbeco.ee\/no\/wp-json\/wp\/v2\/categories?post=5543"},{"taxonomy":"post_tag","embeddable":true,"href":"https:\/\/timbeco.ee\/no\/wp-json\/wp\/v2\/tags?post=5543"}],"curies":[{"name":"wp","href":"https:\/\/api.w.org\/{rel}","templated":true}]}}