{"id":2951,"date":"2015-05-19T10:54:46","date_gmt":"2015-05-19T07:54:46","guid":{"rendered":"https:\/\/timbeco.ee\/fi\/?p=2951"},"modified":"2019-05-10T16:21:28","modified_gmt":"2019-05-10T13:21:28","slug":"kaksi-kertaa-ilmatiiviimpi-kuin-passiivitalo-norjassa","status":"publish","type":"post","link":"https:\/\/timbeco.ee\/fi\/kaksi-kertaa-ilmatiiviimpi-kuin-passiivitalo-norjassa\/","title":{"rendered":"Kaksi kertaa ilmatiiviimpi kuin passiivitalo norjassa"},"content":{"rendered":"<p>Timbeco suunnitteli ja valmisti omakotitalon, jonka ilmatiiviys oli kaksi kertaa parempi kuin passiivitalolta vaaditaan.<\/p>\n<p>Pohjois-Norjaan valmistetun ja pystytetyn omakotitalon painetesteiss\u00e4 mitattu ilmanvuotoluku oli n\u2085\u2080=0,29 1\/h. Vertailun vuoksi: passiivitalon seinien vaaditun ilmatiiviyden tulee olla v\u00e4hint\u00e4\u00e4n 0,6 1\/h. Ulkoseinien ilmatiiviys osoittaa, miten ilmatiiviiksi rakennuksen ulkoiset rakenteet (ulkosein\u00e4t, vesikatto, ikkunat, ovet) on rakennettu.<\/p>\n<p>Timbeco huomioi rakennusten energiatehokkuuden saavuttamisen jo suunnitteluvaiheessa, jossa jokaiselle hankkeelle pyrit\u00e4\u00e4n l\u00f6yt\u00e4m\u00e4\u00e4n l\u00e4ht\u00f6teht\u00e4v\u00e4n pohjalta parhaiten sopivat ja energiatehokkaat ratkaisut. Timbecon talojen energiatehokkuus saavutetaan laadukkaiden SIGA-yhti\u00f6n tuotteiden sek\u00e4 tehtaan ja rakennusty\u00f6maan tiimien laadukkaan ty\u00f6n tuloksena. Lopullinen ja vaatimusten mukainen energiatehokkuus saavutetaan vain sill\u00e4 edellytyksell\u00e4, ett\u00e4 energiatehokkuutta on huomioitu jokaisessa rakennusurakkaan liittyv\u00e4ss\u00e4 valmistusvaiheessa.<\/p>\n<p>&nbsp;<\/p>\n<p>&nbsp;<\/p>\n","protected":false},"excerpt":{"rendered":"<p>Timbeco suunnitteli ja valmisti omakotitalon, jonka ilmatiiviys oli kaksi kertaa parempi kuin passiivitalolta vaaditaan. Pohjois-Norjaan valmistetun ja pystytetyn omakotitalon painetesteiss\u00e4 mitattu ilmanvuotoluku oli n\u2085\u2080=0,29 1\/h. Vertailun vuoksi: passiivitalon seinien vaaditun ilmatiiviyden tulee olla v\u00e4hint\u00e4\u00e4n 0,6 1\/h. Ulkoseinien ilmatiiviys osoittaa, miten ilmatiiviiksi rakennuksen ulkoiset rakenteet (ulkosein\u00e4t, vesikatto, ikkunat, ovet) on rakennettu. Timbeco huomioi rakennusten energiatehokkuuden saavuttamisen &hellip; <a href=\"https:\/\/timbeco.ee\/fi\/kaksi-kertaa-ilmatiiviimpi-kuin-passiivitalo-norjassa\/\">Continued<\/a><\/p>\n","protected":false},"author":2,"featured_media":2879,"comment_status":"open","ping_status":"open","sticky":false,"template":"","format":"standard","meta":{"_acf_changed":false,"_monsterinsights_skip_tracking":false,"_monsterinsights_sitenote_active":false,"_monsterinsights_sitenote_note":"","_monsterinsights_sitenote_category":0,"footnotes":""},"categories":[1],"tags":[],"class_list":["post-2951","post","type-post","status-publish","format-standard","has-post-thumbnail","hentry","category-uncategorized"],"acf":[],"yoast_head":"<!-- This site is optimized with the Yoast SEO Premium plugin v27.2 (Yoast SEO v27.2) - https:\/\/yoast.com\/product\/yoast-seo-premium-wordpress\/ -->\n<title>Kaksi kertaa ilmatiiviimpi kuin passiivitalo norjassa - Timbeco<\/title>\n<meta name=\"description\" content=\"Timbeco suunnitteli ja valmisti omakotitalon, jonka ilmatiiviys oli kaksi kertaa parempi kuin passiivitalolta vaaditaan.Pohjois-Norjaan valmistetun\" \/>\n<meta name=\"robots\" content=\"noindex, follow, max-snippet:-1, max-image-preview:large, max-video-preview:-1\" \/>\n<meta property=\"og:locale\" content=\"fi_FI\" \/>\n<meta property=\"og:type\" content=\"article\" \/>\n<meta property=\"og:title\" content=\"Kaksi kertaa ilmatiiviimpi kuin passiivitalo norjassa\" \/>\n<meta property=\"og:description\" content=\"Timbeco suunnitteli ja valmisti omakotitalon, jonka ilmatiiviys oli kaksi kertaa parempi kuin passiivitalolta vaaditaan.Pohjois-Norjaan valmistetun\" \/>\n<meta property=\"og:url\" content=\"https:\/\/timbeco.ee\/fi\/kaksi-kertaa-ilmatiiviimpi-kuin-passiivitalo-norjassa\/\" \/>\n<meta property=\"og:site_name\" content=\"Timbeco Finland\" \/>\n<meta property=\"article:published_time\" content=\"2015-05-19T07:54:46+00:00\" \/>\n<meta property=\"article:modified_time\" content=\"2019-05-10T13:21:28+00:00\" \/>\n<meta property=\"og:image\" content=\"https:\/\/timbeco.ee\/fi\/wp-content\/uploads\/sites\/9\/2015\/08\/Redervegen-kerrostalo-2015-2.jpg\" \/>\n\t<meta property=\"og:image:width\" content=\"1200\" \/>\n\t<meta property=\"og:image:height\" content=\"740\" \/>\n\t<meta property=\"og:image:type\" content=\"image\/jpeg\" \/>\n<meta name=\"author\" content=\"erki\" \/>\n<meta name=\"twitter:card\" content=\"summary_large_image\" \/>\n<meta name=\"twitter:label1\" content=\"Kirjoittanut\" \/>\n\t<meta name=\"twitter:data1\" content=\"erki\" \/>\n\t<meta name=\"twitter:label2\" content=\"Arvioitu lukuaika\" \/>\n\t<meta name=\"twitter:data2\" content=\"1 minuutti\" \/>\n<script type=\"application\/ld+json\" class=\"yoast-schema-graph\">{\"@context\":\"https:\/\/schema.org\",\"@graph\":[{\"@type\":\"Article\",\"@id\":\"https:\/\/timbeco.ee\/fi\/kaksi-kertaa-ilmatiiviimpi-kuin-passiivitalo-norjassa\/#article\",\"isPartOf\":{\"@id\":\"https:\/\/timbeco.ee\/fi\/kaksi-kertaa-ilmatiiviimpi-kuin-passiivitalo-norjassa\/\"},\"author\":{\"name\":\"erki\",\"@id\":\"https:\/\/timbeco.ee\/fi\/#\/schema\/person\/9cb7bb1121cf60c104d5ce746521384d\"},\"headline\":\"Kaksi kertaa ilmatiiviimpi kuin passiivitalo norjassa\",\"datePublished\":\"2015-05-19T07:54:46+00:00\",\"dateModified\":\"2019-05-10T13:21:28+00:00\",\"mainEntityOfPage\":{\"@id\":\"https:\/\/timbeco.ee\/fi\/kaksi-kertaa-ilmatiiviimpi-kuin-passiivitalo-norjassa\/\"},\"wordCount\":123,\"commentCount\":0,\"publisher\":{\"@id\":\"https:\/\/timbeco.ee\/fi\/#organization\"},\"image\":{\"@id\":\"https:\/\/timbeco.ee\/fi\/kaksi-kertaa-ilmatiiviimpi-kuin-passiivitalo-norjassa\/#primaryimage\"},\"thumbnailUrl\":\"https:\/\/timbeco.ee\/fi\/wp-content\/uploads\/sites\/9\/2015\/08\/Redervegen-kerrostalo-2015-2.jpg\",\"articleSection\":[\"Uncategorized\"],\"inLanguage\":\"fi\"},{\"@type\":\"WebPage\",\"@id\":\"https:\/\/timbeco.ee\/fi\/kaksi-kertaa-ilmatiiviimpi-kuin-passiivitalo-norjassa\/\",\"url\":\"https:\/\/timbeco.ee\/fi\/kaksi-kertaa-ilmatiiviimpi-kuin-passiivitalo-norjassa\/\",\"name\":\"Kaksi kertaa ilmatiiviimpi kuin passiivitalo norjassa - Timbeco\",\"isPartOf\":{\"@id\":\"https:\/\/timbeco.ee\/fi\/#website\"},\"primaryImageOfPage\":{\"@id\":\"https:\/\/timbeco.ee\/fi\/kaksi-kertaa-ilmatiiviimpi-kuin-passiivitalo-norjassa\/#primaryimage\"},\"image\":{\"@id\":\"https:\/\/timbeco.ee\/fi\/kaksi-kertaa-ilmatiiviimpi-kuin-passiivitalo-norjassa\/#primaryimage\"},\"thumbnailUrl\":\"https:\/\/timbeco.ee\/fi\/wp-content\/uploads\/sites\/9\/2015\/08\/Redervegen-kerrostalo-2015-2.jpg\",\"datePublished\":\"2015-05-19T07:54:46+00:00\",\"dateModified\":\"2019-05-10T13:21:28+00:00\",\"description\":\"Timbeco suunnitteli ja valmisti omakotitalon, jonka ilmatiiviys oli kaksi kertaa parempi kuin passiivitalolta vaaditaan.Pohjois-Norjaan valmistetun\",\"breadcrumb\":{\"@id\":\"https:\/\/timbeco.ee\/fi\/kaksi-kertaa-ilmatiiviimpi-kuin-passiivitalo-norjassa\/#breadcrumb\"},\"inLanguage\":\"fi\",\"potentialAction\":[{\"@type\":\"ReadAction\",\"target\":[\"https:\/\/timbeco.ee\/fi\/kaksi-kertaa-ilmatiiviimpi-kuin-passiivitalo-norjassa\/\"]}]},{\"@type\":\"ImageObject\",\"inLanguage\":\"fi\",\"@id\":\"https:\/\/timbeco.ee\/fi\/kaksi-kertaa-ilmatiiviimpi-kuin-passiivitalo-norjassa\/#primaryimage\",\"url\":\"https:\/\/timbeco.ee\/fi\/wp-content\/uploads\/sites\/9\/2015\/08\/Redervegen-kerrostalo-2015-2.jpg\",\"contentUrl\":\"https:\/\/timbeco.ee\/fi\/wp-content\/uploads\/sites\/9\/2015\/08\/Redervegen-kerrostalo-2015-2.jpg\",\"width\":1200,\"height\":740,\"caption\":\"Elementtitalot\"},{\"@type\":\"BreadcrumbList\",\"@id\":\"https:\/\/timbeco.ee\/fi\/kaksi-kertaa-ilmatiiviimpi-kuin-passiivitalo-norjassa\/#breadcrumb\",\"itemListElement\":[{\"@type\":\"ListItem\",\"position\":1,\"name\":\"Avaleht\",\"item\":\"https:\/\/timbeco.ee\/fi\/\"},{\"@type\":\"ListItem\",\"position\":2,\"name\":\"Kaksi kertaa ilmatiiviimpi kuin passiivitalo norjassa\"}]},{\"@type\":\"WebSite\",\"@id\":\"https:\/\/timbeco.ee\/fi\/#website\",\"url\":\"https:\/\/timbeco.ee\/fi\/\",\"name\":\"Timbeco Finland\",\"description\":\"Energias\u00e4\u00e4stlike puitmajade tehas\",\"publisher\":{\"@id\":\"https:\/\/timbeco.ee\/fi\/#organization\"},\"potentialAction\":[{\"@type\":\"SearchAction\",\"target\":{\"@type\":\"EntryPoint\",\"urlTemplate\":\"https:\/\/timbeco.ee\/fi\/?s={search_term_string}\"},\"query-input\":{\"@type\":\"PropertyValueSpecification\",\"valueRequired\":true,\"valueName\":\"search_term_string\"}}],\"inLanguage\":\"fi\"},{\"@type\":\"Organization\",\"@id\":\"https:\/\/timbeco.ee\/fi\/#organization\",\"name\":\"Timbeco Woodhouse O\u00dc\",\"url\":\"https:\/\/timbeco.ee\/fi\/\",\"logo\":{\"@type\":\"ImageObject\",\"inLanguage\":\"fi\",\"@id\":\"https:\/\/timbeco.ee\/fi\/#\/schema\/logo\/image\/\",\"url\":\"https:\/\/timbeco.ee\/fi\/wp-content\/uploads\/sites\/9\/2018\/03\/timbeco-logo.png\",\"contentUrl\":\"https:\/\/timbeco.ee\/fi\/wp-content\/uploads\/sites\/9\/2018\/03\/timbeco-logo.png\",\"width\":200,\"height\":41,\"caption\":\"Timbeco Woodhouse O\u00dc\"},\"image\":{\"@id\":\"https:\/\/timbeco.ee\/fi\/#\/schema\/logo\/image\/\"}},{\"@type\":\"Person\",\"@id\":\"https:\/\/timbeco.ee\/fi\/#\/schema\/person\/9cb7bb1121cf60c104d5ce746521384d\",\"name\":\"erki\",\"image\":{\"@type\":\"ImageObject\",\"inLanguage\":\"fi\",\"@id\":\"https:\/\/secure.gravatar.com\/avatar\/621410a086a29a56870f24a2bc9e66f5e0d5719c762b7c15fa373c5411c21e2f?s=96&d=mm&r=g\",\"url\":\"https:\/\/secure.gravatar.com\/avatar\/621410a086a29a56870f24a2bc9e66f5e0d5719c762b7c15fa373c5411c21e2f?s=96&d=mm&r=g\",\"contentUrl\":\"https:\/\/secure.gravatar.com\/avatar\/621410a086a29a56870f24a2bc9e66f5e0d5719c762b7c15fa373c5411c21e2f?s=96&d=mm&r=g\",\"caption\":\"erki\"}}]}<\/script>\n<!-- \/ Yoast SEO Premium plugin. -->","yoast_head_json":{"title":"Kaksi kertaa ilmatiiviimpi kuin passiivitalo norjassa - Timbeco","description":"Timbeco suunnitteli ja valmisti omakotitalon, jonka ilmatiiviys oli kaksi kertaa parempi kuin passiivitalolta vaaditaan.Pohjois-Norjaan valmistetun","robots":{"index":"noindex","follow":"follow","max-snippet":"max-snippet:-1","max-image-preview":"max-image-preview:large","max-video-preview":"max-video-preview:-1"},"og_locale":"fi_FI","og_type":"article","og_title":"Kaksi kertaa ilmatiiviimpi kuin passiivitalo norjassa","og_description":"Timbeco suunnitteli ja valmisti omakotitalon, jonka ilmatiiviys oli kaksi kertaa parempi kuin passiivitalolta vaaditaan.Pohjois-Norjaan valmistetun","og_url":"https:\/\/timbeco.ee\/fi\/kaksi-kertaa-ilmatiiviimpi-kuin-passiivitalo-norjassa\/","og_site_name":"Timbeco Finland","article_published_time":"2015-05-19T07:54:46+00:00","article_modified_time":"2019-05-10T13:21:28+00:00","og_image":[{"width":1200,"height":740,"url":"https:\/\/timbeco.ee\/fi\/wp-content\/uploads\/sites\/9\/2015\/08\/Redervegen-kerrostalo-2015-2.jpg","type":"image\/jpeg"}],"author":"erki","twitter_card":"summary_large_image","twitter_misc":{"Kirjoittanut":"erki","Arvioitu lukuaika":"1 minuutti"},"schema":{"@context":"https:\/\/schema.org","@graph":[{"@type":"Article","@id":"https:\/\/timbeco.ee\/fi\/kaksi-kertaa-ilmatiiviimpi-kuin-passiivitalo-norjassa\/#article","isPartOf":{"@id":"https:\/\/timbeco.ee\/fi\/kaksi-kertaa-ilmatiiviimpi-kuin-passiivitalo-norjassa\/"},"author":{"name":"erki","@id":"https:\/\/timbeco.ee\/fi\/#\/schema\/person\/9cb7bb1121cf60c104d5ce746521384d"},"headline":"Kaksi kertaa ilmatiiviimpi kuin passiivitalo norjassa","datePublished":"2015-05-19T07:54:46+00:00","dateModified":"2019-05-10T13:21:28+00:00","mainEntityOfPage":{"@id":"https:\/\/timbeco.ee\/fi\/kaksi-kertaa-ilmatiiviimpi-kuin-passiivitalo-norjassa\/"},"wordCount":123,"commentCount":0,"publisher":{"@id":"https:\/\/timbeco.ee\/fi\/#organization"},"image":{"@id":"https:\/\/timbeco.ee\/fi\/kaksi-kertaa-ilmatiiviimpi-kuin-passiivitalo-norjassa\/#primaryimage"},"thumbnailUrl":"https:\/\/timbeco.ee\/fi\/wp-content\/uploads\/sites\/9\/2015\/08\/Redervegen-kerrostalo-2015-2.jpg","articleSection":["Uncategorized"],"inLanguage":"fi"},{"@type":"WebPage","@id":"https:\/\/timbeco.ee\/fi\/kaksi-kertaa-ilmatiiviimpi-kuin-passiivitalo-norjassa\/","url":"https:\/\/timbeco.ee\/fi\/kaksi-kertaa-ilmatiiviimpi-kuin-passiivitalo-norjassa\/","name":"Kaksi kertaa ilmatiiviimpi kuin passiivitalo norjassa - Timbeco","isPartOf":{"@id":"https:\/\/timbeco.ee\/fi\/#website"},"primaryImageOfPage":{"@id":"https:\/\/timbeco.ee\/fi\/kaksi-kertaa-ilmatiiviimpi-kuin-passiivitalo-norjassa\/#primaryimage"},"image":{"@id":"https:\/\/timbeco.ee\/fi\/kaksi-kertaa-ilmatiiviimpi-kuin-passiivitalo-norjassa\/#primaryimage"},"thumbnailUrl":"https:\/\/timbeco.ee\/fi\/wp-content\/uploads\/sites\/9\/2015\/08\/Redervegen-kerrostalo-2015-2.jpg","datePublished":"2015-05-19T07:54:46+00:00","dateModified":"2019-05-10T13:21:28+00:00","description":"Timbeco suunnitteli ja valmisti omakotitalon, jonka ilmatiiviys oli kaksi kertaa parempi kuin passiivitalolta vaaditaan.Pohjois-Norjaan valmistetun","breadcrumb":{"@id":"https:\/\/timbeco.ee\/fi\/kaksi-kertaa-ilmatiiviimpi-kuin-passiivitalo-norjassa\/#breadcrumb"},"inLanguage":"fi","potentialAction":[{"@type":"ReadAction","target":["https:\/\/timbeco.ee\/fi\/kaksi-kertaa-ilmatiiviimpi-kuin-passiivitalo-norjassa\/"]}]},{"@type":"ImageObject","inLanguage":"fi","@id":"https:\/\/timbeco.ee\/fi\/kaksi-kertaa-ilmatiiviimpi-kuin-passiivitalo-norjassa\/#primaryimage","url":"https:\/\/timbeco.ee\/fi\/wp-content\/uploads\/sites\/9\/2015\/08\/Redervegen-kerrostalo-2015-2.jpg","contentUrl":"https:\/\/timbeco.ee\/fi\/wp-content\/uploads\/sites\/9\/2015\/08\/Redervegen-kerrostalo-2015-2.jpg","width":1200,"height":740,"caption":"Elementtitalot"},{"@type":"BreadcrumbList","@id":"https:\/\/timbeco.ee\/fi\/kaksi-kertaa-ilmatiiviimpi-kuin-passiivitalo-norjassa\/#breadcrumb","itemListElement":[{"@type":"ListItem","position":1,"name":"Avaleht","item":"https:\/\/timbeco.ee\/fi\/"},{"@type":"ListItem","position":2,"name":"Kaksi kertaa ilmatiiviimpi kuin passiivitalo norjassa"}]},{"@type":"WebSite","@id":"https:\/\/timbeco.ee\/fi\/#website","url":"https:\/\/timbeco.ee\/fi\/","name":"Timbeco Finland","description":"Energias\u00e4\u00e4stlike puitmajade tehas","publisher":{"@id":"https:\/\/timbeco.ee\/fi\/#organization"},"potentialAction":[{"@type":"SearchAction","target":{"@type":"EntryPoint","urlTemplate":"https:\/\/timbeco.ee\/fi\/?s={search_term_string}"},"query-input":{"@type":"PropertyValueSpecification","valueRequired":true,"valueName":"search_term_string"}}],"inLanguage":"fi"},{"@type":"Organization","@id":"https:\/\/timbeco.ee\/fi\/#organization","name":"Timbeco Woodhouse O\u00dc","url":"https:\/\/timbeco.ee\/fi\/","logo":{"@type":"ImageObject","inLanguage":"fi","@id":"https:\/\/timbeco.ee\/fi\/#\/schema\/logo\/image\/","url":"https:\/\/timbeco.ee\/fi\/wp-content\/uploads\/sites\/9\/2018\/03\/timbeco-logo.png","contentUrl":"https:\/\/timbeco.ee\/fi\/wp-content\/uploads\/sites\/9\/2018\/03\/timbeco-logo.png","width":200,"height":41,"caption":"Timbeco Woodhouse O\u00dc"},"image":{"@id":"https:\/\/timbeco.ee\/fi\/#\/schema\/logo\/image\/"}},{"@type":"Person","@id":"https:\/\/timbeco.ee\/fi\/#\/schema\/person\/9cb7bb1121cf60c104d5ce746521384d","name":"erki","image":{"@type":"ImageObject","inLanguage":"fi","@id":"https:\/\/secure.gravatar.com\/avatar\/621410a086a29a56870f24a2bc9e66f5e0d5719c762b7c15fa373c5411c21e2f?s=96&d=mm&r=g","url":"https:\/\/secure.gravatar.com\/avatar\/621410a086a29a56870f24a2bc9e66f5e0d5719c762b7c15fa373c5411c21e2f?s=96&d=mm&r=g","contentUrl":"https:\/\/secure.gravatar.com\/avatar\/621410a086a29a56870f24a2bc9e66f5e0d5719c762b7c15fa373c5411c21e2f?s=96&d=mm&r=g","caption":"erki"}}]}},"_links":{"self":[{"href":"https:\/\/timbeco.ee\/fi\/wp-json\/wp\/v2\/posts\/2951","targetHints":{"allow":["GET"]}}],"collection":[{"href":"https:\/\/timbeco.ee\/fi\/wp-json\/wp\/v2\/posts"}],"about":[{"href":"https:\/\/timbeco.ee\/fi\/wp-json\/wp\/v2\/types\/post"}],"author":[{"embeddable":true,"href":"https:\/\/timbeco.ee\/fi\/wp-json\/wp\/v2\/users\/2"}],"replies":[{"embeddable":true,"href":"https:\/\/timbeco.ee\/fi\/wp-json\/wp\/v2\/comments?post=2951"}],"version-history":[{"count":1,"href":"https:\/\/timbeco.ee\/fi\/wp-json\/wp\/v2\/posts\/2951\/revisions"}],"predecessor-version":[{"id":2952,"href":"https:\/\/timbeco.ee\/fi\/wp-json\/wp\/v2\/posts\/2951\/revisions\/2952"}],"wp:featuredmedia":[{"embeddable":true,"href":"https:\/\/timbeco.ee\/fi\/wp-json\/wp\/v2\/media\/2879"}],"wp:attachment":[{"href":"https:\/\/timbeco.ee\/fi\/wp-json\/wp\/v2\/media?parent=2951"}],"wp:term":[{"taxonomy":"category","embeddable":true,"href":"https:\/\/timbeco.ee\/fi\/wp-json\/wp\/v2\/categories?post=2951"},{"taxonomy":"post_tag","embeddable":true,"href":"https:\/\/timbeco.ee\/fi\/wp-json\/wp\/v2\/tags?post=2951"}],"curies":[{"name":"wp","href":"https:\/\/api.w.org\/{rel}","templated":true}]}}